{"id":1730,"date":"2026-03-19T14:14:02","date_gmt":"2026-03-19T20:14:02","guid":{"rendered":"https:\/\/franciscoxvaldes.com\/es\/?p=1730"},"modified":"2026-03-26T15:33:04","modified_gmt":"2026-03-26T21:33:04","slug":"cuarto-foro-estatal-del-agua-tamaulipas-2026","status":"publish","type":"post","link":"https:\/\/franciscoxvaldes.com\/es\/cuarto-foro-estatal-del-agua-tamaulipas-2026\/","title":{"rendered":"Cuarto Foro Estatal del Agua, Tamaulipas 2026"},"content":{"rendered":"\n\n\n<p>Con la participaci\u00f3n de especialistas, autoridades y representantes del sector h\u00eddrico, se llev\u00f3 a cabo el Cuarto Foro Estatal del Agua Tamaulipas 2026 los d\u00edas 19 y 20 de marzo, consolid\u00e1ndose como un espacio clave para el di\u00e1logo t\u00e9cnico y la construcci\u00f3n de soluciones ante los desaf\u00edos del agua en la entidad.<\/p>\n\n\n\n<p>En el marco del foro, el Ing. Francisco X. Vald\u00e9s imparti\u00f3 la conferencia \u201cIrrigaci\u00f3n Regenerativa: la forma m\u00e1s rentable y sustentable de hacer agricultura\u201d, donde se expuso un enfoque orientado a maximizar la eficiencia en el uso del agua, regenerar suelos y fortalecer la productividad agr\u00edcola bajo criterios de sostenibilidad.<\/p>\n\n\n\n<p>El evento cont\u00f3 con el impulso del titular de la Secretar\u00eda de Recursos Hidr\u00e1ulicos para el Desarrollo Social de Tamaulipas, Ra\u00fal Quiroga \u00c1lvarez, quien ha promovido la apertura a soluciones innovadoras en la gesti\u00f3n h\u00eddrica, en alineaci\u00f3n con la visi\u00f3n del gobernador del estado, Am\u00e9rico Villarreal.<\/p>\n\n\n\n<p>La organizaci\u00f3n del foro estuvo a cargo de la Mesa Ciudadana del Agua, destacando la labor de Luis R. Apperti, C\u00e9sar Ponce y David Hern\u00e1ndez, quienes, en coordinaci\u00f3n con la AISTAC, lograron consolidar un evento de alto nivel t\u00e9cnico y de amplia convocatoria.<\/p>\n\n\n\n<p>Durante las jornadas, los participantes coincidieron en la necesidad de fortalecer la colaboraci\u00f3n entre sectores y avanzar hacia un modelo de gesti\u00f3n del agua m\u00e1s eficiente, sostenible y con visi\u00f3n de largo plazo, que permita hacer frente a los retos h\u00eddricos y agr\u00edcolas de la regi\u00f3n.<\/p>\n\n\n\n<p><\/p>\n\n\n\n<p>Ver publicaci\u00f3n: <a href=\"https:\/\/www.facebook.com\/share\/p\/1GKkJt8sj1\/\">https:\/\/www.facebook.com\/share\/p\/1GKkJt8sj1\/<\/a><\/p>\n\n\n\n<p><\/p>\n","protected":false},"excerpt":{"rendered":"<p>Con la participaci\u00f3n de especialistas, autoridades y representantes del sector h\u00eddrico, se llev\u00f3 a cabo el Cuarto Foro Estatal del Agua Tamaulipas 2026 los d\u00edas 19 y 20 de marzo, consolid\u00e1ndose como un espacio clave para el di\u00e1logo t\u00e9cnico y la construcci\u00f3n de soluciones ante los desaf\u00edos del agua en la entidad. En el marco [&#8230;]\n","protected":false},"author":2,"featured_media":1748,"comment_status":"closed","ping_status":"closed","sticky":false,"template":"","format":"standard","meta":{"footnotes":""},"categories":[7],"tags":[17,16,15,22,18,19,10,12,13],"class_list":["post-1730","post","type-post","status-publish","format-standard","has-post-thumbnail","hentry","category-eventos","tag-agua","tag-francisco-x-valdes","tag-gestion-estrategica","tag-irrigacion-regenerativa","tag-medio-ambiente","tag-regeneracion-responsable","tag-sustentabilidad","tag-sustentabilidad-holistica","tag-uso-eficiente"],"_links":{"self":[{"href":"https:\/\/franciscoxvaldes.com\/es\/wp-json\/wp\/v2\/posts\/1730"}],"collection":[{"href":"https:\/\/franciscoxvaldes.com\/es\/wp-json\/wp\/v2\/posts"}],"about":[{"href":"https:\/\/franciscoxvaldes.com\/es\/wp-json\/wp\/v2\/types\/post"}],"author":[{"embeddable":true,"href":"https:\/\/franciscoxvaldes.com\/es\/wp-json\/wp\/v2\/users\/2"}],"replies":[{"embeddable":true,"href":"https:\/\/franciscoxvaldes.com\/es\/wp-json\/wp\/v2\/comments?post=1730"}],"version-history":[{"count":1,"href":"https:\/\/franciscoxvaldes.com\/es\/wp-json\/wp\/v2\/posts\/1730\/revisions"}],"predecessor-version":[{"id":1751,"href":"https:\/\/franciscoxvaldes.com\/es\/wp-json\/wp\/v2\/posts\/1730\/revisions\/1751"}],"wp:featuredmedia":[{"embeddable":true,"href":"https:\/\/franciscoxvaldes.com\/es\/wp-json\/wp\/v2\/media\/1748"}],"wp:attachment":[{"href":"https:\/\/franciscoxvaldes.com\/es\/wp-json\/wp\/v2\/media?parent=1730"}],"wp:term":[{"taxonomy":"category","embeddable":true,"href":"https:\/\/franciscoxvaldes.com\/es\/wp-json\/wp\/v2\/categories?post=1730"},{"taxonomy":"post_tag","embeddable":true,"href":"https:\/\/franciscoxvaldes.com\/es\/wp-json\/wp\/v2\/tags?post=1730"}],"curies":[{"name":"wp","href":"https:\/\/api.w.org\/{rel}","templated":true}]}}